{"id":892,"date":"2020-12-17T23:39:24","date_gmt":"2020-12-17T22:39:24","guid":{"rendered":"https:\/\/www.prysmradio.com\/en\/?p=892"},"modified":"2021-11-06T09:44:40","modified_gmt":"2021-11-06T08:44:40","slug":"alok-has-launched-his-own-social-institute","status":"publish","type":"post","link":"https:\/\/www.prysmradio.com\/en\/2020\/12\/alok-has-launched-his-own-social-institute\/","title":{"rendered":"Alok has launched his own social institute"},"content":{"rendered":"<p><strong>Globally acclaimed producer Alok has launched his own social institute called Instituto Alok<\/strong><\/p>\n<p><em>He has donated 5.2 million dollars to the foundation<\/em><\/p>\n<p>Brazilian DJ and producer\u00a0<strong>Alok<\/strong>\u00a0has launched a social institute bearing his own name, and has donated<strong>\u00a05.2 million dollars\u00a0<\/strong>(biggest donation made by a Brazilian artist) to the foundation.<\/p>\n<p>Throughout his life,\u00a0<strong>Alok<\/strong>\u00a0has been dedicated to social causes and been dedicated to human and environmental development in the world, especially in Brazil. He sought inspiration from charities he has supported in the past, with the objective of financing projects to combat social exclusion and foster access to opportunities, especially for young people and women in vulnerable, rural and urban areas in Brazil.<\/p>\n<blockquote><p>The idea of \u200b\u200bthe Alok Institute is something very important to me, because it really is an idea that gives my life meaning. I have already had some intense periods of depression for feeling emptiness, until I realized that the search for a purpose in life is essential.<br \/>\nAt this point I started to travel to Africa, in Mozambique, and to understand the philanthropic question even more. I realized that through music I can build something bigger, with long-term social investments. They are fronts that move my heart and that I want to strengthen with partnerships to always have more and more seeds sown. &#8211; ALOK<\/p><\/blockquote>\n<p><img fetchpriority=\"high\" decoding=\"async\" src=\"https:\/\/www.prysmradio.com\/wp-content\/en\/uploads\/2021\/11\/Alok.jpeg\" alt=\"Alok\" width=\"1200\" height=\"1200\" class=\"alignnone size-full wp-image-893\" srcset=\"https:\/\/www.prysmradio.com\/en\/wp-content\/uploads\/sites\/1\/2021\/11\/Alok.jpeg 1200w, https:\/\/www.prysmradio.com\/en\/wp-content\/uploads\/sites\/1\/2021\/11\/Alok-300x300.jpeg 300w, https:\/\/www.prysmradio.com\/en\/wp-content\/uploads\/sites\/1\/2021\/11\/Alok-1024x1024.jpeg 1024w, https:\/\/www.prysmradio.com\/en\/wp-content\/uploads\/sites\/1\/2021\/11\/Alok-150x150.jpeg 150w, https:\/\/www.prysmradio.com\/en\/wp-content\/uploads\/sites\/1\/2021\/11\/Alok-768x768.jpeg 768w, https:\/\/www.prysmradio.com\/en\/wp-content\/uploads\/sites\/1\/2021\/11\/Alok-96x96.jpeg 96w, https:\/\/www.prysmradio.com\/en\/wp-content\/uploads\/sites\/1\/2021\/11\/Alok-65x65.jpeg 65w\" sizes=\"(max-width: 1200px) 100vw, 1200px\" \/><\/p>\n<p>He has supported important charities in Brazil over the years which include\u00a0<strong>Fraternidade sem Fronteiras, Retratos da Esperan\u00e7a, GRAAC \u2013 Grupo de Apoio ao Adolescente e \u00e0 Crian\u00e7a com C\u00e2ncer, Hospital Pequeno Pr\u00edncipe, Projeto Ax\u00e9, Projeto Anelo, Todos pela Sa\u00fade, Associa\u00e7\u00e3o Peter Pan, Amifest Igrejinha\/RS, M\u00e9dicos Sem Fronteiras, and SAS Brasil \u2013 Sa\u00fade, Alegria e Sustentabilidade.<\/strong><\/p>\n<p><strong>Alok\u00a0<\/strong>also aims to engage new partners to compose the fund and expand the initiatives, which focus on three pillars:\u00a0<strong>Entrepreneurship, Social Gastronomy<\/strong>\u00a0(food security) and\u00a0<strong>Expansion of Consciousness\u00a0<\/strong>(human development).<\/p>\n<p>With this in mind,\u00a0<strong>Alok\u00a0<\/strong>has invited the journalist\u00a0<strong>Geraldinho Vieira,<\/strong>\u00a0who has extensive experience in the field of human rights and has also served as executive director of the\u00a0<strong>Ag\u00eancia de Not\u00edcias dos Direitos da Inf\u00e2ncia\u00a0<\/strong>(<strong>ANDI), representative of the Funda\u00e7\u00e3o Avina\u00a0<\/strong>in Brazil<strong>\u00a0<\/strong>and consultant to several international philanthropic institutions like the\u00a0<strong>Funda\u00e7\u00e3o Ford<\/strong>. He is also known as\u00a0<strong>Devam Bhaskar,<\/strong>\u00a0head of a meditation center in\u00a0<strong>Chapada dos Veadeiros.<\/strong><\/p>\n<p>Instituto Alok\u00a0is set to be officialised on<strong>\u00a019th December\u00a0<\/strong>during\u00a0<strong>Alok\u2019<\/strong>s f<strong>i<\/strong>rst end of year special live stream<strong>\u00a0\u2018Alive\u2019,\u00a0<\/strong>which will be broadcasted free on<strong>\u00a0Brazilian Television Network\u00a0<\/strong>and via YouTube.<\/p>\n","protected":false},"excerpt":{"rendered":"<p>He has donated 5.2 million dollars to the foundation<\/p>\n","protected":false},"author":1,"featured_media":893,"comment_status":"closed","ping_status":"closed","sticky":false,"template":"","format":"standard","meta":{"om_disable_all_campaigns":false,"_monsterinsights_skip_tracking":false,"_monsterinsights_sitenote_active":false,"_monsterinsights_sitenote_note":"","_monsterinsights_sitenote_category":0,"footnotes":""},"categories":[16],"tags":[63],"class_list":["post-892","post","type-post","status-publish","format-standard","has-post-thumbnail","hentry","category-news","tag-alok"],"yoast_head":"<!-- This site is optimized with the Yoast SEO Premium plugin v26.6 (Yoast SEO v26.6) - https:\/\/yoast.com\/wordpress\/plugins\/seo\/ -->\n<title>Alok has launched his own social institute - Prysm UK<\/title>\n<meta name=\"robots\" content=\"index, follow, max-snippet:-1, max-image-preview:large, max-video-preview:-1\" \/>\n<link rel=\"canonical\" href=\"https:\/\/www.prysmradio.com\/en\/2020\/12\/alok-has-launched-his-own-social-institute\/\" \/>\n<meta property=\"og:locale\" content=\"en_US\" \/>\n<meta property=\"og:type\" content=\"article\" \/>\n<meta property=\"og:title\" content=\"Alok has launched his own social institute - Prysm UK\" \/>\n<meta property=\"og:description\" content=\"He has donated 5.2 million dollars to the foundation\" \/>\n<meta property=\"og:url\" content=\"https:\/\/www.prysmradio.com\/en\/2020\/12\/alok-has-launched-his-own-social-institute\/\" \/>\n<meta property=\"og:site_name\" content=\"Prysm UK\" \/>\n<meta property=\"article:publisher\" content=\"https:\/\/www.facebook.com\/prysmradio\" \/>\n<meta property=\"article:published_time\" content=\"2020-12-17T22:39:24+00:00\" \/>\n<meta property=\"article:modified_time\" content=\"2021-11-06T08:44:40+00:00\" \/>\n<meta property=\"og:image\" content=\"https:\/\/www.prysmradio.com\/en\/wp-content\/uploads\/sites\/1\/2021\/11\/Alok.jpeg\" \/>\n\t<meta property=\"og:image:width\" content=\"1200\" \/>\n\t<meta property=\"og:image:height\" content=\"1200\" \/>\n\t<meta property=\"og:image:type\" content=\"image\/jpeg\" \/>\n<meta name=\"author\" content=\"Prysm Radio\" \/>\n<meta name=\"twitter:card\" content=\"summary_large_image\" \/>\n<meta name=\"twitter:creator\" content=\"@prysm_official\" \/>\n<meta name=\"twitter:site\" content=\"@prysm_official\" \/>\n<meta name=\"twitter:label1\" content=\"Written by\" \/>\n\t<meta name=\"twitter:data1\" content=\"Prysm Radio\" \/>\n\t<meta name=\"twitter:label2\" content=\"Est. reading time\" \/>\n\t<meta name=\"twitter:data2\" content=\"2 minutes\" \/>\n<script type=\"application\/ld+json\" class=\"yoast-schema-graph\">{\"@context\":\"https:\/\/schema.org\",\"@graph\":[{\"@type\":\"Article\",\"@id\":\"https:\/\/www.prysmradio.com\/en\/2020\/12\/alok-has-launched-his-own-social-institute\/#article\",\"isPartOf\":{\"@id\":\"https:\/\/www.prysmradio.com\/en\/2020\/12\/alok-has-launched-his-own-social-institute\/\"},\"author\":{\"name\":\"Prysm Radio\",\"@id\":\"https:\/\/www.prysmradio.com\/en\/#\/schema\/person\/296271d6fb293ca3366538d91634cb9e\"},\"headline\":\"Alok has launched his own social institute\",\"datePublished\":\"2020-12-17T22:39:24+00:00\",\"dateModified\":\"2021-11-06T08:44:40+00:00\",\"mainEntityOfPage\":{\"@id\":\"https:\/\/www.prysmradio.com\/en\/2020\/12\/alok-has-launched-his-own-social-institute\/\"},\"wordCount\":430,\"publisher\":{\"@id\":\"https:\/\/www.prysmradio.com\/en\/#organization\"},\"image\":{\"@id\":\"https:\/\/www.prysmradio.com\/en\/2020\/12\/alok-has-launched-his-own-social-institute\/#primaryimage\"},\"thumbnailUrl\":\"https:\/\/www.prysmradio.com\/en\/wp-content\/uploads\/sites\/1\/2021\/11\/Alok.jpeg\",\"keywords\":[\"Alok\"],\"articleSection\":[\"News\"],\"inLanguage\":\"en-US\"},{\"@type\":\"WebPage\",\"@id\":\"https:\/\/www.prysmradio.com\/en\/2020\/12\/alok-has-launched-his-own-social-institute\/\",\"url\":\"https:\/\/www.prysmradio.com\/en\/2020\/12\/alok-has-launched-his-own-social-institute\/\",\"name\":\"Alok has launched his own social institute - Prysm UK\",\"isPartOf\":{\"@id\":\"https:\/\/www.prysmradio.com\/en\/#website\"},\"primaryImageOfPage\":{\"@id\":\"https:\/\/www.prysmradio.com\/en\/2020\/12\/alok-has-launched-his-own-social-institute\/#primaryimage\"},\"image\":{\"@id\":\"https:\/\/www.prysmradio.com\/en\/2020\/12\/alok-has-launched-his-own-social-institute\/#primaryimage\"},\"thumbnailUrl\":\"https:\/\/www.prysmradio.com\/en\/wp-content\/uploads\/sites\/1\/2021\/11\/Alok.jpeg\",\"datePublished\":\"2020-12-17T22:39:24+00:00\",\"dateModified\":\"2021-11-06T08:44:40+00:00\",\"breadcrumb\":{\"@id\":\"https:\/\/www.prysmradio.com\/en\/2020\/12\/alok-has-launched-his-own-social-institute\/#breadcrumb\"},\"inLanguage\":\"en-US\",\"potentialAction\":[{\"@type\":\"ReadAction\",\"target\":[\"https:\/\/www.prysmradio.com\/en\/2020\/12\/alok-has-launched-his-own-social-institute\/\"]}]},{\"@type\":\"ImageObject\",\"inLanguage\":\"en-US\",\"@id\":\"https:\/\/www.prysmradio.com\/en\/2020\/12\/alok-has-launched-his-own-social-institute\/#primaryimage\",\"url\":\"https:\/\/www.prysmradio.com\/en\/wp-content\/uploads\/sites\/1\/2021\/11\/Alok.jpeg\",\"contentUrl\":\"https:\/\/www.prysmradio.com\/en\/wp-content\/uploads\/sites\/1\/2021\/11\/Alok.jpeg\",\"width\":1200,\"height\":1200,\"caption\":\"Alok\"},{\"@type\":\"BreadcrumbList\",\"@id\":\"https:\/\/www.prysmradio.com\/en\/2020\/12\/alok-has-launched-his-own-social-institute\/#breadcrumb\",\"itemListElement\":[{\"@type\":\"ListItem\",\"position\":1,\"name\":\"Home\",\"item\":\"https:\/\/www.prysmradio.com\/en\/\"},{\"@type\":\"ListItem\",\"position\":2,\"name\":\"Alok has launched his own social institute\"}]},{\"@type\":\"WebSite\",\"@id\":\"https:\/\/www.prysmradio.com\/en\/#website\",\"url\":\"https:\/\/www.prysmradio.com\/en\/\",\"name\":\"Prysm UK\",\"description\":\"Electronic Music Experience\",\"publisher\":{\"@id\":\"https:\/\/www.prysmradio.com\/en\/#organization\"},\"potentialAction\":[{\"@type\":\"SearchAction\",\"target\":{\"@type\":\"EntryPoint\",\"urlTemplate\":\"https:\/\/www.prysmradio.com\/en\/?s={search_term_string}\"},\"query-input\":{\"@type\":\"PropertyValueSpecification\",\"valueRequired\":true,\"valueName\":\"search_term_string\"}}],\"inLanguage\":\"en-US\"},{\"@type\":\"Organization\",\"@id\":\"https:\/\/www.prysmradio.com\/en\/#organization\",\"name\":\"Prysm\",\"url\":\"https:\/\/www.prysmradio.com\/en\/\",\"logo\":{\"@type\":\"ImageObject\",\"inLanguage\":\"en-US\",\"@id\":\"https:\/\/www.prysmradio.com\/en\/#\/schema\/logo\/image\/\",\"url\":\"https:\/\/www.prysmradio.com\/wp-content\/uploads\/2022\/07\/PrysmTypo_1500x500_Black.jpg\",\"contentUrl\":\"https:\/\/www.prysmradio.com\/wp-content\/uploads\/2022\/07\/PrysmTypo_1500x500_Black.jpg\",\"width\":1500,\"height\":500,\"caption\":\"Prysm\"},\"image\":{\"@id\":\"https:\/\/www.prysmradio.com\/en\/#\/schema\/logo\/image\/\"},\"sameAs\":[\"https:\/\/www.facebook.com\/prysmradio\",\"https:\/\/x.com\/prysm_official\",\"https:\/\/www.instagram.com\/prysm_official\/\",\"https:\/\/open.spotify.com\/user\/s93fxkc80v17uxa92y7xnxx3f?si=4ccd3610427f4cef\",\"https:\/\/www.youtube.com\/prysmradio\"]},{\"@type\":\"Person\",\"@id\":\"https:\/\/www.prysmradio.com\/en\/#\/schema\/person\/296271d6fb293ca3366538d91634cb9e\",\"name\":\"Prysm Radio\",\"image\":{\"@type\":\"ImageObject\",\"inLanguage\":\"en-US\",\"@id\":\"https:\/\/www.prysmradio.com\/en\/#\/schema\/person\/image\/\",\"url\":\"https:\/\/secure.gravatar.com\/avatar\/128c638cc065e9f2ff833b74a0889247fd9c90fad87efb768e9c60fdd244a6f8?s=96&d=mm&r=g\",\"contentUrl\":\"https:\/\/secure.gravatar.com\/avatar\/128c638cc065e9f2ff833b74a0889247fd9c90fad87efb768e9c60fdd244a6f8?s=96&d=mm&r=g\",\"caption\":\"Prysm Radio\"},\"sameAs\":[\"https:\/\/www.prysmradio.com\"],\"url\":\"https:\/\/www.prysmradio.com\/en\/author\/prysmradio-admin\/\"}]}<\/script>\n<!-- \/ Yoast SEO Premium plugin. -->","yoast_head_json":{"title":"Alok has launched his own social institute - Prysm UK","robots":{"index":"index","follow":"follow","max-snippet":"max-snippet:-1","max-image-preview":"max-image-preview:large","max-video-preview":"max-video-preview:-1"},"canonical":"https:\/\/www.prysmradio.com\/en\/2020\/12\/alok-has-launched-his-own-social-institute\/","og_locale":"en_US","og_type":"article","og_title":"Alok has launched his own social institute - Prysm UK","og_description":"He has donated 5.2 million dollars to the foundation","og_url":"https:\/\/www.prysmradio.com\/en\/2020\/12\/alok-has-launched-his-own-social-institute\/","og_site_name":"Prysm UK","article_publisher":"https:\/\/www.facebook.com\/prysmradio","article_published_time":"2020-12-17T22:39:24+00:00","article_modified_time":"2021-11-06T08:44:40+00:00","og_image":[{"width":1200,"height":1200,"url":"https:\/\/www.prysmradio.com\/en\/wp-content\/uploads\/sites\/1\/2021\/11\/Alok.jpeg","type":"image\/jpeg"}],"author":"Prysm Radio","twitter_card":"summary_large_image","twitter_creator":"@prysm_official","twitter_site":"@prysm_official","twitter_misc":{"Written by":"Prysm Radio","Est. reading time":"2 minutes"},"schema":{"@context":"https:\/\/schema.org","@graph":[{"@type":"Article","@id":"https:\/\/www.prysmradio.com\/en\/2020\/12\/alok-has-launched-his-own-social-institute\/#article","isPartOf":{"@id":"https:\/\/www.prysmradio.com\/en\/2020\/12\/alok-has-launched-his-own-social-institute\/"},"author":{"name":"Prysm Radio","@id":"https:\/\/www.prysmradio.com\/en\/#\/schema\/person\/296271d6fb293ca3366538d91634cb9e"},"headline":"Alok has launched his own social institute","datePublished":"2020-12-17T22:39:24+00:00","dateModified":"2021-11-06T08:44:40+00:00","mainEntityOfPage":{"@id":"https:\/\/www.prysmradio.com\/en\/2020\/12\/alok-has-launched-his-own-social-institute\/"},"wordCount":430,"publisher":{"@id":"https:\/\/www.prysmradio.com\/en\/#organization"},"image":{"@id":"https:\/\/www.prysmradio.com\/en\/2020\/12\/alok-has-launched-his-own-social-institute\/#primaryimage"},"thumbnailUrl":"https:\/\/www.prysmradio.com\/en\/wp-content\/uploads\/sites\/1\/2021\/11\/Alok.jpeg","keywords":["Alok"],"articleSection":["News"],"inLanguage":"en-US"},{"@type":"WebPage","@id":"https:\/\/www.prysmradio.com\/en\/2020\/12\/alok-has-launched-his-own-social-institute\/","url":"https:\/\/www.prysmradio.com\/en\/2020\/12\/alok-has-launched-his-own-social-institute\/","name":"Alok has launched his own social institute - Prysm UK","isPartOf":{"@id":"https:\/\/www.prysmradio.com\/en\/#website"},"primaryImageOfPage":{"@id":"https:\/\/www.prysmradio.com\/en\/2020\/12\/alok-has-launched-his-own-social-institute\/#primaryimage"},"image":{"@id":"https:\/\/www.prysmradio.com\/en\/2020\/12\/alok-has-launched-his-own-social-institute\/#primaryimage"},"thumbnailUrl":"https:\/\/www.prysmradio.com\/en\/wp-content\/uploads\/sites\/1\/2021\/11\/Alok.jpeg","datePublished":"2020-12-17T22:39:24+00:00","dateModified":"2021-11-06T08:44:40+00:00","breadcrumb":{"@id":"https:\/\/www.prysmradio.com\/en\/2020\/12\/alok-has-launched-his-own-social-institute\/#breadcrumb"},"inLanguage":"en-US","potentialAction":[{"@type":"ReadAction","target":["https:\/\/www.prysmradio.com\/en\/2020\/12\/alok-has-launched-his-own-social-institute\/"]}]},{"@type":"ImageObject","inLanguage":"en-US","@id":"https:\/\/www.prysmradio.com\/en\/2020\/12\/alok-has-launched-his-own-social-institute\/#primaryimage","url":"https:\/\/www.prysmradio.com\/en\/wp-content\/uploads\/sites\/1\/2021\/11\/Alok.jpeg","contentUrl":"https:\/\/www.prysmradio.com\/en\/wp-content\/uploads\/sites\/1\/2021\/11\/Alok.jpeg","width":1200,"height":1200,"caption":"Alok"},{"@type":"BreadcrumbList","@id":"https:\/\/www.prysmradio.com\/en\/2020\/12\/alok-has-launched-his-own-social-institute\/#breadcrumb","itemListElement":[{"@type":"ListItem","position":1,"name":"Home","item":"https:\/\/www.prysmradio.com\/en\/"},{"@type":"ListItem","position":2,"name":"Alok has launched his own social institute"}]},{"@type":"WebSite","@id":"https:\/\/www.prysmradio.com\/en\/#website","url":"https:\/\/www.prysmradio.com\/en\/","name":"Prysm UK","description":"Electronic Music Experience","publisher":{"@id":"https:\/\/www.prysmradio.com\/en\/#organization"},"potentialAction":[{"@type":"SearchAction","target":{"@type":"EntryPoint","urlTemplate":"https:\/\/www.prysmradio.com\/en\/?s={search_term_string}"},"query-input":{"@type":"PropertyValueSpecification","valueRequired":true,"valueName":"search_term_string"}}],"inLanguage":"en-US"},{"@type":"Organization","@id":"https:\/\/www.prysmradio.com\/en\/#organization","name":"Prysm","url":"https:\/\/www.prysmradio.com\/en\/","logo":{"@type":"ImageObject","inLanguage":"en-US","@id":"https:\/\/www.prysmradio.com\/en\/#\/schema\/logo\/image\/","url":"https:\/\/www.prysmradio.com\/wp-content\/uploads\/2022\/07\/PrysmTypo_1500x500_Black.jpg","contentUrl":"https:\/\/www.prysmradio.com\/wp-content\/uploads\/2022\/07\/PrysmTypo_1500x500_Black.jpg","width":1500,"height":500,"caption":"Prysm"},"image":{"@id":"https:\/\/www.prysmradio.com\/en\/#\/schema\/logo\/image\/"},"sameAs":["https:\/\/www.facebook.com\/prysmradio","https:\/\/x.com\/prysm_official","https:\/\/www.instagram.com\/prysm_official\/","https:\/\/open.spotify.com\/user\/s93fxkc80v17uxa92y7xnxx3f?si=4ccd3610427f4cef","https:\/\/www.youtube.com\/prysmradio"]},{"@type":"Person","@id":"https:\/\/www.prysmradio.com\/en\/#\/schema\/person\/296271d6fb293ca3366538d91634cb9e","name":"Prysm Radio","image":{"@type":"ImageObject","inLanguage":"en-US","@id":"https:\/\/www.prysmradio.com\/en\/#\/schema\/person\/image\/","url":"https:\/\/secure.gravatar.com\/avatar\/128c638cc065e9f2ff833b74a0889247fd9c90fad87efb768e9c60fdd244a6f8?s=96&d=mm&r=g","contentUrl":"https:\/\/secure.gravatar.com\/avatar\/128c638cc065e9f2ff833b74a0889247fd9c90fad87efb768e9c60fdd244a6f8?s=96&d=mm&r=g","caption":"Prysm Radio"},"sameAs":["https:\/\/www.prysmradio.com"],"url":"https:\/\/www.prysmradio.com\/en\/author\/prysmradio-admin\/"}]}},"_links":{"self":[{"href":"https:\/\/www.prysmradio.com\/en\/wp-json\/wp\/v2\/posts\/892","targetHints":{"allow":["GET"]}}],"collection":[{"href":"https:\/\/www.prysmradio.com\/en\/wp-json\/wp\/v2\/posts"}],"about":[{"href":"https:\/\/www.prysmradio.com\/en\/wp-json\/wp\/v2\/types\/post"}],"author":[{"embeddable":true,"href":"https:\/\/www.prysmradio.com\/en\/wp-json\/wp\/v2\/users\/1"}],"replies":[{"embeddable":true,"href":"https:\/\/www.prysmradio.com\/en\/wp-json\/wp\/v2\/comments?post=892"}],"version-history":[{"count":0,"href":"https:\/\/www.prysmradio.com\/en\/wp-json\/wp\/v2\/posts\/892\/revisions"}],"wp:featuredmedia":[{"embeddable":true,"href":"https:\/\/www.prysmradio.com\/en\/wp-json\/wp\/v2\/media\/893"}],"wp:attachment":[{"href":"https:\/\/www.prysmradio.com\/en\/wp-json\/wp\/v2\/media?parent=892"}],"wp:term":[{"taxonomy":"category","embeddable":true,"href":"https:\/\/www.prysmradio.com\/en\/wp-json\/wp\/v2\/categories?post=892"},{"taxonomy":"post_tag","embeddable":true,"href":"https:\/\/www.prysmradio.com\/en\/wp-json\/wp\/v2\/tags?post=892"}],"curies":[{"name":"wp","href":"https:\/\/api.w.org\/{rel}","templated":true}]}}